{"id":5998,"date":"2025-09-02T22:08:41","date_gmt":"2025-09-03T03:08:41","guid":{"rendered":"https:\/\/alfabetovisual.com\/?p=5998"},"modified":"2025-12-31T09:16:49","modified_gmt":"2025-12-31T14:16:49","slug":"diseno-grafico-como-comunicacion-estrategica","status":"publish","type":"post","link":"https:\/\/alfabetovisual.com\/en\/diseno-grafico-como-comunicacion-estrategica\/","title":{"rendered":"Dise\u00f1o gr\u00e1fico como comunicaci\u00f3n estrat\u00e9gica"},"content":{"rendered":"<div style=\"margin-top: 0px; margin-bottom: 0px;\" class=\"sharethis-inline-share-buttons\" ><\/div>\n<figure class=\"wp-block-audio\"><audio controls src=\"https:\/\/alfabetovisual.com\/wp-content\/uploads\/2025\/09\/Frascara-al-Desnudo_-Diseno-Grafico-como-Comunicacion-Estrategica-y-Funcional.mp3\"><\/audio><\/figure>\n\n\n\n<p>Este es un resumen del libro <em>Dise\u00f1o Gr\u00e1fico y Comunicaci\u00f3n<\/em> de Jorge Frascara, ideal para acompa\u00f1ar un art\u00edculo de WordPress.<\/p>\n\n\n\n<p>Este libro presenta una visi\u00f3n del<\/p>\n\n\n\n<p><strong>dise\u00f1o gr\u00e1fico<\/strong> como una profesi\u00f3n y una disciplina enfocada en la comunicaci\u00f3n humana, no solo en la est\u00e9tica o la creatividad<sup><\/sup>. La obra explora la evoluci\u00f3n del dise\u00f1o gr\u00e1fico a trav\u00e9s de su contexto hist\u00f3rico, analizando enfoques y tendencias desde el siglo XIX hasta los movimientos de vanguardia del siglo XX como el Art Nouveau y el modernismo<sup><\/sup>.<\/p>\n\n\n\n<p>Frascara profundiza en los<\/p>\n\n\n\n<p><strong>requerimientos funcionales del dise\u00f1o<\/strong>, destacando la importancia de la percepci\u00f3n, el significado y la interpretaci\u00f3n de los mensajes visuales<sup><\/sup>. El autor subraya que el dise\u00f1ador gr\u00e1fico act\u00faa como un especialista en comunicaci\u00f3n, que construye mensajes con un prop\u00f3sito espec\u00edfico<sup><\/sup>.<\/p>\n\n\n\n<p>El libro detalla la <strong>metodolog\u00eda y el proceso de dise\u00f1o<\/strong>, que incluyen:<\/p>\n\n\n\n<ul>\n<li><strong>Definici\u00f3n del problema<\/strong>.<\/li>\n\n\n\n<li><strong>Determinaci\u00f3n de los objetivos<\/strong>.<\/li>\n\n\n\n<li><strong>Desarrollo de una estrategia de comunicaci\u00f3n<\/strong>.<\/li>\n\n\n\n<li><strong>Visualizaci\u00f3n y producci\u00f3n<\/strong>.<\/li>\n\n\n\n<li><strong>Evaluaci\u00f3n del resultado<\/strong>.<\/li>\n<\/ul>\n\n\n\n<p>En resumen, la obra de Frascara enfatiza que el dise\u00f1o gr\u00e1fico es una actividad que integra aspectos est\u00e9ticos, econ\u00f3micos y tecnol\u00f3gicos para crear soluciones de comunicaci\u00f3n visual efectivas y duraderas<sup><\/sup>.<\/p>","protected":false},"excerpt":{"rendered":"<p>Este es un resumen del libro Dise\u00f1o Gr\u00e1fico y Comunicaci\u00f3n de Jorge Frascara, ideal para acompa\u00f1ar un art\u00edculo de WordPress. Este libro presenta una visi\u00f3n del dise\u00f1o gr\u00e1fico como una profesi\u00f3n y una disciplina enfocada en la comunicaci\u00f3n humana, no solo en la est\u00e9tica o la creatividad. La obra explora la evoluci\u00f3n del dise\u00f1o gr\u00e1fico [&hellip;]<\/p>\n<a class=\"read-more-link\" href=\" https:\/\/alfabetovisual.com\/en\/diseno-grafico-como-comunicacion-estrategica\/ \">Read more<\/a>","protected":false},"author":2,"featured_media":6047,"comment_status":"closed","ping_status":"closed","sticky":false,"template":"","format":"standard","meta":{"content-type":"","om_disable_all_campaigns":false,"_monsterinsights_skip_tracking":false,"_monsterinsights_sitenote_active":false,"_monsterinsights_sitenote_note":"","_monsterinsights_sitenote_category":0,"footnotes":"","jetpack_publicize_message":"","jetpack_publicize_feature_enabled":true,"jetpack_social_post_already_shared":true,"jetpack_social_options":{"image_generator_settings":{"template":"highway","enabled":false},"version":2}},"categories":[236,3,25,232],"tags":[],"jetpack_publicize_connections":[],"aioseo_notices":[],"_links":{"self":[{"href":"https:\/\/alfabetovisual.com\/en\/wp-json\/wp\/v2\/posts\/5998"}],"collection":[{"href":"https:\/\/alfabetovisual.com\/en\/wp-json\/wp\/v2\/posts"}],"about":[{"href":"https:\/\/alfabetovisual.com\/en\/wp-json\/wp\/v2\/types\/post"}],"author":[{"embeddable":true,"href":"https:\/\/alfabetovisual.com\/en\/wp-json\/wp\/v2\/users\/2"}],"replies":[{"embeddable":true,"href":"https:\/\/alfabetovisual.com\/en\/wp-json\/wp\/v2\/comments?post=5998"}],"version-history":[{"count":1,"href":"https:\/\/alfabetovisual.com\/en\/wp-json\/wp\/v2\/posts\/5998\/revisions"}],"predecessor-version":[{"id":6001,"href":"https:\/\/alfabetovisual.com\/en\/wp-json\/wp\/v2\/posts\/5998\/revisions\/6001"}],"wp:featuredmedia":[{"embeddable":true,"href":"https:\/\/alfabetovisual.com\/en\/wp-json\/wp\/v2\/media\/6047"}],"wp:attachment":[{"href":"https:\/\/alfabetovisual.com\/en\/wp-json\/wp\/v2\/media?parent=5998"}],"wp:term":[{"taxonomy":"category","embeddable":true,"href":"https:\/\/alfabetovisual.com\/en\/wp-json\/wp\/v2\/categories?post=5998"},{"taxonomy":"post_tag","embeddable":true,"href":"https:\/\/alfabetovisual.com\/en\/wp-json\/wp\/v2\/tags?post=5998"}],"curies":[{"name":"wp","href":"https:\/\/api.w.org\/{rel}","templated":true}]}}